{"id":1412,"date":"2021-11-10T21:01:56","date_gmt":"2021-11-10T20:01:56","guid":{"rendered":"https:\/\/www.zahnmedizin-verden.de\/main\/?p=1412"},"modified":"2021-12-22T17:09:49","modified_gmt":"2021-12-22T16:09:49","slug":"spenden-2020-2021","status":"publish","type":"post","link":"https:\/\/www.zahnmedizin-verden.de\/main\/2021\/11\/10\/spenden-2020-2021\/","title":{"rendered":"Spenden 2020\/2021"},"content":{"rendered":"<p>Seit 1999 wird in der Gemeinschaftspraxis an viele gemeinn\u00fctzige Organisationen gespendet. Ein Gro\u00dfteil dieser Spenden wird durch Sie, die Patientinnen und Patienten, erm\u00f6glicht. Durch Ihre Spenden von altem Zahngold ist es m\u00f6glich, viele Projekte in der Region Verden sowie Gesundheitsprojekte weltweit zu unterst\u00fctzen!<\/p>\n<p>Daf\u00fcr bedanken wir uns ganz herzlich bei Ihnen.<\/p>\n<p>Der Einsatz f\u00fcr (Jugend-)F\u00f6rderung in der Region Verden liegt uns ebenso am Herzen wie die Unterst\u00fctzung f\u00fcr medizinische Hilfe weltweit. Die von uns bedachten Institutionen kennen wir seit vielen Jahren. Wichtig ist f\u00fcr uns dabei auch der Austausch mit den Verantwortlichen, um den sinnvollen Einsatz der Spenden nachvollziehen zu k\u00f6nnen. So haben wir bisher in 2020\/2021 folgende Institutionen unterst\u00fctzt:<\/p>\n<p>2021:<\/p>\n<table>\n<tbody>\n<tr>\n<td><a href=\"http:\/\/www.amrefgermany.de\">Amref Health Africa<\/a><\/td>\n<td>910,- Euro<\/td>\n<\/tr>\n<tr>\n<td><a href=\"https:\/\/www.tsvbrunsbrock.de\/jugendfoerderverein\">TSV Brunsbrock &#8211; Jugendf\u00f6rderkreis<\/a><\/td>\n<td>500,- Euro<\/td>\n<\/tr>\n<tr>\n<td><a href=\"http:\/\/www.amrefgermany.de\">Amref Health Africa<\/a><\/td>\n<td>760,- Euro<\/td>\n<\/tr>\n<tr>\n<td><a href=\"https:\/\/www.seenotretter.de\">Deutsche Gesellschaft zur Rettung Schiffbr\u00fcchiger<\/a><\/td>\n<td>\u00a0100,- Euro<\/td>\n<\/tr>\n<tr>\n<td><a href=\"http:\/\/www.amrefgermany.de\">Amref Health Africa<\/a><\/td>\n<td>625,- Euro<\/td>\n<\/tr>\n<tr>\n<td><a href=\"http:\/\/www.amrefgermany.de\">Amref Health Africa<\/a><\/td>\n<td>760,- Euro<\/td>\n<\/tr>\n<tr>\n<td><a href=\"https:\/\/stadtwaldfarm.fokus-verden.de\/\">Stadtwaldfarm Verden<\/a><\/td>\n<td>2.000,- Euro<\/td>\n<\/tr>\n<tr>\n<td><a href=\"https:\/\/www.verdener-tafel.de\/\">Verdener Tafel e.V.<\/a><\/td>\n<td>1.000,- Euro<\/td>\n<\/tr>\n<tr>\n<td><a href=\"http:\/\/www.amrefgermany.de\">Amref Health Africa<\/a><\/td>\n<td>2.000,- Euro<\/td>\n<\/tr>\n<tr>\n<td><a href=\"https:\/\/www.landkreis-verden.de\/portal\/seiten\/foerderverein-zum-schutze-des-weissstorches-im-landkreis-verden-901001290-20600.html\">Storchenstation &#8211; F\u00f6rderverein zum Schutz des Wei\u00dfstorches e.V.<\/a><\/td>\n<td>1.000,- Euro<\/td>\n<\/tr>\n<tr>\n<td><a href=\"https:\/\/www.verden-pflanzt.de\/\">Verden pflanzt e.V.<\/a><\/td>\n<td>2.000,- Euro<\/td>\n<\/tr>\n<tr>\n<td><a href=\"http:\/\/www.eitze.de\/de\/eitzer-vereine\/heimatverein\">Heimatverein Eitze<\/a><\/td>\n<td>1.000,- Euro<\/td>\n<\/tr>\n<tr>\n<td><a href=\"http:\/\/www.verden-hilft.de\/fluechtlingsoase\/\">Landeskirchliche Gemeinschaft &#8211; Sprachcaf\u00e9 Oase<\/a><\/td>\n<td>2.000,- Euro<\/td>\n<\/tr>\n<tr>\n<td><a href=\"https:\/\/www.tintenklecks-verden.de\/\">Tintenklecks e.V.<\/a><\/td>\n<td>2.000,- Euro<\/td>\n<\/tr>\n<tr>\n<td><a href=\"https:\/\/www.aller-weser-klinik.de\/foerderkreis\/\">F\u00f6rderkreis Aller Weser Klink Verden &#8211; Spende f\u00fcr Ultraschallger\u00e4t<\/a><\/td>\n<td>2.000,- Euro<\/td>\n<\/tr>\n<tr>\n<td><a href=\"https:\/\/www.verden.de\/leben-in-verden\/inklusion-und-integration\/integration\/freizeit\/\">Stadt Verden &#8211; Handarbeitsgruppe im KULTuren Treff<\/a><\/td>\n<td>2.000,- Euro<\/td>\n<\/tr>\n<tr>\n<td><a href=\"https:\/\/www.verden.de\/leben-in-verden\/inklusion-und-integration\/integration\/freizeit\/\">Stadt Verden &#8211; Jugendgruppe Peer-Nachhilfe im KULTuren Treff<\/a><\/td>\n<td>2.000,- Euro<\/td>\n<\/tr>\n<tr>\n<td><a href=\"https:\/\/www.verden.de\/leben-in-verden\/inklusion-und-integration\/integration\/freizeit\/\">Tanz macht Schule Verden<\/a><\/td>\n<td>2.000,- Euro<\/td>\n<\/tr>\n<\/tbody>\n<\/table>\n<p>&nbsp;<\/p>\n<p>&nbsp;<\/p>\n<p>2020:<\/p>\n<table>\n<tbody>\n<tr>\n<td><a href=\"https:\/\/www.tsvbrunsbrock.de\/verein\/aktuelles\">TSV Brunsbrock<\/a><\/td>\n<td>500 Euro<\/td>\n<\/tr>\n<tr>\n<td><a href=\"https:\/\/www.verden.de\/portal\/seiten\/verden-verwirklicht-willkommen-auf-den-rathausseiten--907000257-20680.html\">Stadt Verden &#8211; Sitzb\u00e4nke am Bollwerk<\/a><\/td>\n<td>2.422,48 Euro<\/td>\n<\/tr>\n<tr>\n<td><a href=\"http:\/\/www.amrefgermany.de\">Amref Health Africa<\/a><\/td>\n<td>612,- Euro<\/td>\n<\/tr>\n<tr>\n<td><a href=\"http:\/\/www.amrefgermany.de\">Amref Health Africa<\/a><\/td>\n<td>1100,- Euro<\/td>\n<\/tr>\n<\/tbody>\n<\/table>\n<p>&nbsp;<\/p>\n","protected":false},"excerpt":{"rendered":"<p>Seit 1999 wird in der Gemeinschaftspraxis an viele gemeinn\u00fctzige Organisationen gespendet. Ein Gro\u00dfteil dieser Spenden wird durch Sie, die Patientinnen und Patienten, erm\u00f6glicht. Durch Ihre Spenden von altem Zahngold ist es m\u00f6glich, viele Projekte in der Region Verden sowie Gesundheitsprojekte weltweit zu unterst\u00fctzen!<\/p>\n<p>Daf\u00fcr bedanken wir uns ganz herzlich bei Ihnen.<\/p>\n<p>Der Einsatz f\u00fcr (Jugend-)F\u00f6rderung in der Region Verden liegt uns ebenso am Herzen wie die Unterst\u00fctzung f\u00fcr medizinische Hilfe weltweit. Die von uns bedachten Institutionen kennen wir seit vielen Jahren. Wichtig [&#8230;]<\/p>\n","protected":false},"author":6,"featured_media":0,"comment_status":"closed","ping_status":"closed","sticky":false,"template":"","format":"standard","meta":{"_exactmetrics_skip_tracking":false,"_exactmetrics_sitenote_active":false,"_exactmetrics_sitenote_note":"","_exactmetrics_sitenote_category":0,"footnotes":""},"categories":[9],"tags":[],"class_list":["post-1412","post","type-post","status-publish","format-standard","hentry","category-spenden"],"yoast_head":"<!-- This site is optimized with the Yoast SEO plugin v19.1 - https:\/\/yoast.com\/wordpress\/plugins\/seo\/ -->\n<title>Spenden 2020\/2021 - Zahnarztpraxis Verden<\/title>\n<meta name=\"robots\" content=\"index, follow, max-snippet:-1, max-image-preview:large, max-video-preview:-1\" \/>\n<link rel=\"canonical\" href=\"https:\/\/www.zahnmedizin-verden.de\/main\/2021\/11\/10\/spenden-2020-2021\/\" \/>\n<meta property=\"og:locale\" content=\"de_DE\" \/>\n<meta property=\"og:type\" content=\"article\" \/>\n<meta property=\"og:title\" content=\"Spenden 2020\/2021 - Zahnarztpraxis Verden\" \/>\n<meta property=\"og:description\" content=\"Seit 1999 wird in der Gemeinschaftspraxis an viele gemeinn\u00fctzige Organisationen gespendet. Ein Gro\u00dfteil dieser Spenden wird durch Sie, die Patientinnen und Patienten, erm\u00f6glicht. Durch Ihre Spenden von altem Zahngold ist es m\u00f6glich, viele Projekte in der Region Verden sowie Gesundheitsprojekte weltweit zu unterst\u00fctzen! Daf\u00fcr bedanken wir uns ganz herzlich bei Ihnen. Der Einsatz f\u00fcr (Jugend-)F\u00f6rderung in der Region Verden liegt uns ebenso am Herzen wie die Unterst\u00fctzung f\u00fcr medizinische Hilfe weltweit. Die von uns bedachten Institutionen kennen wir seit vielen Jahren. Wichtig [...]\" \/>\n<meta property=\"og:url\" content=\"https:\/\/www.zahnmedizin-verden.de\/main\/2021\/11\/10\/spenden-2020-2021\/\" \/>\n<meta property=\"og:site_name\" content=\"Zahnarztpraxis Verden\" \/>\n<meta property=\"article:published_time\" content=\"2021-11-10T20:01:56+00:00\" \/>\n<meta property=\"article:modified_time\" content=\"2021-12-22T16:09:49+00:00\" \/>\n<meta name=\"twitter:card\" content=\"summary\" \/>\n<meta name=\"twitter:label1\" content=\"Verfasst von\" \/>\n\t<meta name=\"twitter:data1\" content=\"\" \/>\n\t<meta name=\"twitter:label2\" content=\"Gesch\u00e4tzte Lesezeit\" \/>\n\t<meta name=\"twitter:data2\" content=\"1\u00a0Minute\" \/>\n<script type=\"application\/ld+json\" class=\"yoast-schema-graph\">{\"@context\":\"https:\/\/schema.org\",\"@graph\":[{\"@type\":\"WebSite\",\"@id\":\"https:\/\/www.zahnmedizin-verden.de\/main\/#website\",\"url\":\"https:\/\/www.zahnmedizin-verden.de\/main\/\",\"name\":\"Zahnarztpraxis Verden\",\"description\":\"Zahn\u00e4rzte Dr. Kristof Austein, Axel Witte &amp; Kollegen\",\"potentialAction\":[{\"@type\":\"SearchAction\",\"target\":{\"@type\":\"EntryPoint\",\"urlTemplate\":\"https:\/\/www.zahnmedizin-verden.de\/main\/?s={search_term_string}\"},\"query-input\":\"required name=search_term_string\"}],\"inLanguage\":\"de\"},{\"@type\":\"WebPage\",\"@id\":\"https:\/\/www.zahnmedizin-verden.de\/main\/2021\/11\/10\/spenden-2020-2021\/#webpage\",\"url\":\"https:\/\/www.zahnmedizin-verden.de\/main\/2021\/11\/10\/spenden-2020-2021\/\",\"name\":\"Spenden 2020\/2021 - Zahnarztpraxis Verden\",\"isPartOf\":{\"@id\":\"https:\/\/www.zahnmedizin-verden.de\/main\/#website\"},\"datePublished\":\"2021-11-10T20:01:56+00:00\",\"dateModified\":\"2021-12-22T16:09:49+00:00\",\"author\":{\"@id\":\"https:\/\/www.zahnmedizin-verden.de\/main\/#\/schema\/person\/409f4c1c565521979737b2f818a8b147\"},\"breadcrumb\":{\"@id\":\"https:\/\/www.zahnmedizin-verden.de\/main\/2021\/11\/10\/spenden-2020-2021\/#breadcrumb\"},\"inLanguage\":\"de\",\"potentialAction\":[{\"@type\":\"ReadAction\",\"target\":[\"https:\/\/www.zahnmedizin-verden.de\/main\/2021\/11\/10\/spenden-2020-2021\/\"]}]},{\"@type\":\"BreadcrumbList\",\"@id\":\"https:\/\/www.zahnmedizin-verden.de\/main\/2021\/11\/10\/spenden-2020-2021\/#breadcrumb\",\"itemListElement\":[{\"@type\":\"ListItem\",\"position\":1,\"name\":\"Home\",\"item\":\"https:\/\/www.zahnmedizin-verden.de\/main\/\"},{\"@type\":\"ListItem\",\"position\":2,\"name\":\"Spenden 2020\/2021\"}]},{\"@type\":\"Person\",\"@id\":\"https:\/\/www.zahnmedizin-verden.de\/main\/#\/schema\/person\/409f4c1c565521979737b2f818a8b147\",\"name\":\"Jannike Herlinghaus\",\"url\":\"https:\/\/www.zahnmedizin-verden.de\/main\/author\/jaherli\/\"}]}<\/script>\n<!-- \/ Yoast SEO plugin. -->","yoast_head_json":{"title":"Spenden 2020\/2021 - Zahnarztpraxis Verden","robots":{"index":"index","follow":"follow","max-snippet":"max-snippet:-1","max-image-preview":"max-image-preview:large","max-video-preview":"max-video-preview:-1"},"canonical":"https:\/\/www.zahnmedizin-verden.de\/main\/2021\/11\/10\/spenden-2020-2021\/","og_locale":"de_DE","og_type":"article","og_title":"Spenden 2020\/2021 - Zahnarztpraxis Verden","og_description":"Seit 1999 wird in der Gemeinschaftspraxis an viele gemeinn\u00fctzige Organisationen gespendet. Ein Gro\u00dfteil dieser Spenden wird durch Sie, die Patientinnen und Patienten, erm\u00f6glicht. Durch Ihre Spenden von altem Zahngold ist es m\u00f6glich, viele Projekte in der Region Verden sowie Gesundheitsprojekte weltweit zu unterst\u00fctzen! Daf\u00fcr bedanken wir uns ganz herzlich bei Ihnen. Der Einsatz f\u00fcr (Jugend-)F\u00f6rderung in der Region Verden liegt uns ebenso am Herzen wie die Unterst\u00fctzung f\u00fcr medizinische Hilfe weltweit. Die von uns bedachten Institutionen kennen wir seit vielen Jahren. Wichtig [...]","og_url":"https:\/\/www.zahnmedizin-verden.de\/main\/2021\/11\/10\/spenden-2020-2021\/","og_site_name":"Zahnarztpraxis Verden","article_published_time":"2021-11-10T20:01:56+00:00","article_modified_time":"2021-12-22T16:09:49+00:00","twitter_card":"summary","twitter_misc":{"Verfasst von":false,"Gesch\u00e4tzte Lesezeit":"1\u00a0Minute"},"schema":{"@context":"https:\/\/schema.org","@graph":[{"@type":"WebSite","@id":"https:\/\/www.zahnmedizin-verden.de\/main\/#website","url":"https:\/\/www.zahnmedizin-verden.de\/main\/","name":"Zahnarztpraxis Verden","description":"Zahn\u00e4rzte Dr. Kristof Austein, Axel Witte &amp; Kollegen","potentialAction":[{"@type":"SearchAction","target":{"@type":"EntryPoint","urlTemplate":"https:\/\/www.zahnmedizin-verden.de\/main\/?s={search_term_string}"},"query-input":"required name=search_term_string"}],"inLanguage":"de"},{"@type":"WebPage","@id":"https:\/\/www.zahnmedizin-verden.de\/main\/2021\/11\/10\/spenden-2020-2021\/#webpage","url":"https:\/\/www.zahnmedizin-verden.de\/main\/2021\/11\/10\/spenden-2020-2021\/","name":"Spenden 2020\/2021 - Zahnarztpraxis Verden","isPartOf":{"@id":"https:\/\/www.zahnmedizin-verden.de\/main\/#website"},"datePublished":"2021-11-10T20:01:56+00:00","dateModified":"2021-12-22T16:09:49+00:00","author":{"@id":"https:\/\/www.zahnmedizin-verden.de\/main\/#\/schema\/person\/409f4c1c565521979737b2f818a8b147"},"breadcrumb":{"@id":"https:\/\/www.zahnmedizin-verden.de\/main\/2021\/11\/10\/spenden-2020-2021\/#breadcrumb"},"inLanguage":"de","potentialAction":[{"@type":"ReadAction","target":["https:\/\/www.zahnmedizin-verden.de\/main\/2021\/11\/10\/spenden-2020-2021\/"]}]},{"@type":"BreadcrumbList","@id":"https:\/\/www.zahnmedizin-verden.de\/main\/2021\/11\/10\/spenden-2020-2021\/#breadcrumb","itemListElement":[{"@type":"ListItem","position":1,"name":"Home","item":"https:\/\/www.zahnmedizin-verden.de\/main\/"},{"@type":"ListItem","position":2,"name":"Spenden 2020\/2021"}]},{"@type":"Person","@id":"https:\/\/www.zahnmedizin-verden.de\/main\/#\/schema\/person\/409f4c1c565521979737b2f818a8b147","name":"Jannike Herlinghaus","url":"https:\/\/www.zahnmedizin-verden.de\/main\/author\/jaherli\/"}]}},"_links":{"self":[{"href":"https:\/\/www.zahnmedizin-verden.de\/main\/wp-json\/wp\/v2\/posts\/1412","targetHints":{"allow":["GET"]}}],"collection":[{"href":"https:\/\/www.zahnmedizin-verden.de\/main\/wp-json\/wp\/v2\/posts"}],"about":[{"href":"https:\/\/www.zahnmedizin-verden.de\/main\/wp-json\/wp\/v2\/types\/post"}],"author":[{"embeddable":true,"href":"https:\/\/www.zahnmedizin-verden.de\/main\/wp-json\/wp\/v2\/users\/6"}],"replies":[{"embeddable":true,"href":"https:\/\/www.zahnmedizin-verden.de\/main\/wp-json\/wp\/v2\/comments?post=1412"}],"version-history":[{"count":7,"href":"https:\/\/www.zahnmedizin-verden.de\/main\/wp-json\/wp\/v2\/posts\/1412\/revisions"}],"predecessor-version":[{"id":1444,"href":"https:\/\/www.zahnmedizin-verden.de\/main\/wp-json\/wp\/v2\/posts\/1412\/revisions\/1444"}],"wp:attachment":[{"href":"https:\/\/www.zahnmedizin-verden.de\/main\/wp-json\/wp\/v2\/media?parent=1412"}],"wp:term":[{"taxonomy":"category","embeddable":true,"href":"https:\/\/www.zahnmedizin-verden.de\/main\/wp-json\/wp\/v2\/categories?post=1412"},{"taxonomy":"post_tag","embeddable":true,"href":"https:\/\/www.zahnmedizin-verden.de\/main\/wp-json\/wp\/v2\/tags?post=1412"}],"curies":[{"name":"wp","href":"https:\/\/api.w.org\/{rel}","templated":true}]}}